{"id":305,"date":"2025-10-21T18:28:07","date_gmt":"2025-10-21T16:28:07","guid":{"rendered":"https:\/\/parlonsdedemain.net\/?p=305"},"modified":"2025-10-22T00:29:18","modified_gmt":"2025-10-21T22:29:18","slug":"clement-ose","status":"publish","type":"post","link":"https:\/\/parlonsdedemain.net\/index.php\/2025\/10\/21\/clement-ose\/","title":{"rendered":"Cl\u00e9ment Os\u00e9 : de Science Po au monde paysan"},"content":{"rendered":"\n<p>Autobiographie : De ses \u00e9tudes \u00e0 Sciences Po, il est surtout marqu\u00e9 par un \u00e9change universitaire \u00e0 Lima, o\u00f9 il d\u00e9veloppe une passion pour le vaste monde, l\u2019\u00e9criture et la photographie. Apr\u00e8s trois ann\u00e9es de bureau, une \u00e0 Paris, deux \u00e0 Nouakchott o\u00f9 il fut confront\u00e9 au fait colonial, il doute. Mais comme il peut se le permettre, il part voyager un an tout seul avec son sac pour aboutir \u00e0 des r\u00e9flexions existentielles. En rentrant, il d\u00e9visse et entame une r\u00e9orientation professionnelle (vers ce qui fait l\u2019objet de ce site internet) et fait tourner sa vie, ses productions autour de l\u2019\u00e9cologie, des collectifs, et du monde paysan.<\/p>\n\n\n\n<p>Nous avons re\u00e7u Cl\u00e9ment au Comptoir de Villaines et avons partag\u00e9 le temps d&#8217;une soir\u00e9e sa vision du monde.<br>Ce fut un grand moment d&#8217;humanit\u00e9 de l&#8217;avis de tous les participants. Quelques livres acquis \u00e0 cette occasion sont encore sur nos \u00e9tag\u00e8res.<\/p>\n\n\n\n<p><a href=\"https:\/\/www.clementose.art\/\" target=\"_blank\" rel=\"noreferrer noopener\">Le blog de Cl\u00e9ment<\/a><\/p>\n\n\n\n<p><a href=\"https:\/\/www.francebleu.fr\/emissions\/environnement-plus-de-temps-a-perdre\/clement-ose-un-auteur-amboisien-engage-pour-l-ecologie-5552203\" target=\"_blank\" rel=\"noreferrer noopener\">France bleu ici<\/a><\/p>\n\n\n\n<p>Nous avons particuli\u00e8rement aim\u00e9 sur <a href=\"https:\/\/www.clementose.art\/diaposons\/\" target=\"_blank\" rel=\"noreferrer noopener\">diaposon<\/a> &#8220;Un aller pour la terre&#8221;<\/p>\n","protected":false},"excerpt":{"rendered":"","protected":false},"author":1,"featured_media":312,"comment_status":"closed","ping_status":"open","sticky":false,"template":"","format":"standard","meta":{"footnotes":""},"categories":[11],"tags":[],"class_list":["post-305","post","type-post","status-publish","format-standard","has-post-thumbnail","hentry","category-ecologie-et-societe","comments-off"],"_links":{"self":[{"href":"https:\/\/parlonsdedemain.net\/index.php\/wp-json\/wp\/v2\/posts\/305","targetHints":{"allow":["GET"]}}],"collection":[{"href":"https:\/\/parlonsdedemain.net\/index.php\/wp-json\/wp\/v2\/posts"}],"about":[{"href":"https:\/\/parlonsdedemain.net\/index.php\/wp-json\/wp\/v2\/types\/post"}],"author":[{"embeddable":true,"href":"https:\/\/parlonsdedemain.net\/index.php\/wp-json\/wp\/v2\/users\/1"}],"replies":[{"embeddable":true,"href":"https:\/\/parlonsdedemain.net\/index.php\/wp-json\/wp\/v2\/comments?post=305"}],"version-history":[{"count":8,"href":"https:\/\/parlonsdedemain.net\/index.php\/wp-json\/wp\/v2\/posts\/305\/revisions"}],"predecessor-version":[{"id":327,"href":"https:\/\/parlonsdedemain.net\/index.php\/wp-json\/wp\/v2\/posts\/305\/revisions\/327"}],"wp:featuredmedia":[{"embeddable":true,"href":"https:\/\/parlonsdedemain.net\/index.php\/wp-json\/wp\/v2\/media\/312"}],"wp:attachment":[{"href":"https:\/\/parlonsdedemain.net\/index.php\/wp-json\/wp\/v2\/media?parent=305"}],"wp:term":[{"taxonomy":"category","embeddable":true,"href":"https:\/\/parlonsdedemain.net\/index.php\/wp-json\/wp\/v2\/categories?post=305"},{"taxonomy":"post_tag","embeddable":true,"href":"https:\/\/parlonsdedemain.net\/index.php\/wp-json\/wp\/v2\/tags?post=305"}],"curies":[{"name":"wp","href":"https:\/\/api.w.org\/{rel}","templated":true}]}}