{"id":317,"date":"2025-10-22T00:07:28","date_gmt":"2025-10-21T22:07:28","guid":{"rendered":"https:\/\/parlonsdedemain.net\/?p=317"},"modified":"2025-10-22T00:27:11","modified_gmt":"2025-10-21T22:27:11","slug":"aeroports-regionaux-de-largent-public-mis-au-service-du-tourisme-daffaires-et-des-vols-en-jets-prives","status":"publish","type":"post","link":"https:\/\/parlonsdedemain.net\/index.php\/2025\/10\/22\/aeroports-regionaux-de-largent-public-mis-au-service-du-tourisme-daffaires-et-des-vols-en-jets-prives\/","title":{"rendered":"L&#8217;argent public mis au service du tourisme d&#8217;affaires et des vols en jets priv\u00e9s"},"content":{"rendered":"\n<p>\u00c0 l&#8217;heure o\u00f9 l&#8217;\u00c9tat cherche \u00e0 faire des \u00e9conomies, les \u00e9quipes de &#8220;L&#8217;Oeil du 20 Heures&#8221; ont enqu\u00eat\u00e9 sur les a\u00e9roports fran\u00e7ais. \u00c0 Avignon, ou encore \u00e0 Quimper, les r\u00e9gions financent de petits a\u00e9roports o\u00f9 il n&#8217;y a plus de passagers, plus d&#8217;avions de ligne, et qui servent notamment aux transports sanitaires, aux vols militaires, mais aussi, aux jets priv\u00e9s.<\/p>\n\n\n\n<p><a href=\"https:\/\/www.franceinfo.fr\/economie\/votre-argent\/aeroports-regionaux-de-l-argent-public-mis-au-service-du-tourisme-d-affaires-et-des-vols-en-jets-prives_7566832.html\" target=\"_blank\" rel=\"noreferrer noopener\">article Franceinfo<\/a><\/p>\n\n\n\n<p><a href=\"https:\/\/avignon.aero\/\" target=\"_blank\" rel=\"noreferrer noopener\">a\u00e9roport d&#8217;Avignon<\/a><\/p>\n\n\n\n<p><a href=\"https:\/\/www.quimper.aeroport.bzh\/\" target=\"_blank\" rel=\"noreferrer noopener\">a\u00e9roport de Quimper<\/a><\/p>\n","protected":false},"excerpt":{"rendered":"","protected":false},"author":1,"featured_media":318,"comment_status":"closed","ping_status":"open","sticky":false,"template":"","format":"standard","meta":{"footnotes":""},"categories":[9],"tags":[],"class_list":["post-317","post","type-post","status-publish","format-standard","has-post-thumbnail","hentry","category-ecologie-et-transport","comments-off"],"_links":{"self":[{"href":"https:\/\/parlonsdedemain.net\/index.php\/wp-json\/wp\/v2\/posts\/317","targetHints":{"allow":["GET"]}}],"collection":[{"href":"https:\/\/parlonsdedemain.net\/index.php\/wp-json\/wp\/v2\/posts"}],"about":[{"href":"https:\/\/parlonsdedemain.net\/index.php\/wp-json\/wp\/v2\/types\/post"}],"author":[{"embeddable":true,"href":"https:\/\/parlonsdedemain.net\/index.php\/wp-json\/wp\/v2\/users\/1"}],"replies":[{"embeddable":true,"href":"https:\/\/parlonsdedemain.net\/index.php\/wp-json\/wp\/v2\/comments?post=317"}],"version-history":[{"count":4,"href":"https:\/\/parlonsdedemain.net\/index.php\/wp-json\/wp\/v2\/posts\/317\/revisions"}],"predecessor-version":[{"id":323,"href":"https:\/\/parlonsdedemain.net\/index.php\/wp-json\/wp\/v2\/posts\/317\/revisions\/323"}],"wp:featuredmedia":[{"embeddable":true,"href":"https:\/\/parlonsdedemain.net\/index.php\/wp-json\/wp\/v2\/media\/318"}],"wp:attachment":[{"href":"https:\/\/parlonsdedemain.net\/index.php\/wp-json\/wp\/v2\/media?parent=317"}],"wp:term":[{"taxonomy":"category","embeddable":true,"href":"https:\/\/parlonsdedemain.net\/index.php\/wp-json\/wp\/v2\/categories?post=317"},{"taxonomy":"post_tag","embeddable":true,"href":"https:\/\/parlonsdedemain.net\/index.php\/wp-json\/wp\/v2\/tags?post=317"}],"curies":[{"name":"wp","href":"https:\/\/api.w.org\/{rel}","templated":true}]}}