{"id":564,"date":"2026-01-22T22:59:26","date_gmt":"2026-01-22T21:59:26","guid":{"rendered":"https:\/\/parlonsdedemain.net\/?p=564"},"modified":"2026-02-05T10:20:42","modified_gmt":"2026-02-05T09:20:42","slug":"crise-de-leau","status":"publish","type":"post","link":"https:\/\/parlonsdedemain.net\/index.php\/2026\/01\/22\/crise-de-leau\/","title":{"rendered":"Crise de l&#8217;eau"},"content":{"rendered":"\n<p>Le 20\u202fjanvier\u202f2026, l\u2019Universit\u00e9 des Nations Unies pour l\u2019Eau (UNU\u2011INWEH) a publi\u00e9 un rapport intitul\u00e9 <strong>\u00ab\u202fFaillite hydrique\u202f\u00bb<\/strong> qui d\u00e9crit la situation critique de la plan\u00e8te en mati\u00e8re d\u2019eau douce. Selon ce document, l\u2019humanit\u00e9 est officiellement entr\u00e9e dans une <strong>\u00e8re de faillite hydrique mondiale<\/strong> o\u00f9 les pr\u00e9l\u00e8vements d\u2019eau d\u00e9passent les apports renouvelables, entra\u00eenant des d\u00e9g\u00e2ts \u00e9cologiques irr\u00e9versibles et des tensions sociales\u202f.<\/p>\n\n\n\n<h3 class=\"wp-block-heading\">Causes principales<\/h3>\n\n\n\n<ul class=\"wp-block-list\">\n<li><strong>Surconsommation<\/strong> : l\u2019agriculture, qui consomme environ 70\u202f% de l\u2019eau douce, est le principal facteur de pr\u00e9l\u00e8vement.<\/li>\n\n\n\n<li><strong>R\u00e9chauffement climatique<\/strong> : les s\u00e9cheresses prolong\u00e9es et la fonte des glaciers r\u00e9duisent les ressources disponibles.<\/li>\n\n\n\n<li><strong>Inaction politique<\/strong> : l\u2019absence de mesures coordonn\u00e9es pour r\u00e9guler l\u2019usage et prot\u00e9ger les aquif\u00e8res aggravent la situation.<br>Ces \u00e9l\u00e9ments combin\u00e9s provoquent un effondrement des ressources en eau douce dans des r\u00e9gions vari\u00e9es, de T\u00e9h\u00e9ran au Colorado\u202f.<\/li>\n<\/ul>\n\n\n\n<h3 class=\"wp-block-heading\">Cons\u00e9quences observ\u00e9es<\/h3>\n\n\n\n<ul class=\"wp-block-list\">\n<li><strong>Effondrement des nappes phr\u00e9atiques<\/strong> : l\u2019extraction excessive entra\u00eene un affaissement progressif de la surface terrestre,du sol sur plus de 6\u202fmillions de km\u00b2, notamment dans des villes comme Jakarta, Bangkok et H\u00f4\u202fChi\u202fMinh\u202fVille.<\/li>\n\n\n\n<li><strong>R\u00e9duction des cours d\u2019eau<\/strong> : les rivi\u00e8res deviennent intermittentes, les lacs r\u00e9tr\u00e9cissent, et l\u2019eau sal\u00e9e s\u2019infiltre dans les aquif\u00e8res c\u00f4tiers.<\/li>\n\n\n\n<li><strong>Impact socio\u2011\u00e9conomique<\/strong> : la p\u00e9nurie d\u2019eau rend l\u2019agriculture plus co\u00fbteuse, menace la s\u00e9curit\u00e9 alimentaire et peut provoquer des tensions sociales et politiques.<br>Ces effets sont d\u00e9j\u00e0 visibles et se propagent \u00e0 l\u2019\u00e9chelle mondiale\u202f <strong><a href=\"https:\/\/theconversation.com\/le-monde-est-desormais-en-faillite-hydrique-selon-un-rapport-de-lonu-273832\" target=\"_blank\" rel=\"noreferrer noopener\">faillite hydrique<\/a><\/strong><\/li>\n<\/ul>\n\n\n\n<h3 class=\"wp-block-heading\">Appel \u00e0 l\u2019action<\/h3>\n\n\n\n<p>Le rapport compare la situation hydrique \u00e0 une <strong>banqueroute financi\u00e8re<\/strong> et appelle \u00e0 un sursaut mondial pour sauver les r\u00e9serves restantes et les g\u00e9rer intelligemment afin d\u2019assurer la s\u00e9curit\u00e9 mondiale. Il souligne l\u2019urgence d\u2019une gestion int\u00e9gr\u00e9e de l\u2019eau, de la protection des \u00e9cosyst\u00e8mes aquatiques et de la coop\u00e9ration internationale<\/p>\n\n\n\n<p>soir\u00e9e vid\u00e9o sur la <a href=\"https:\/\/www.youtube.com\/watch?v=pWXKmfWXM9k\" target=\"_blank\" rel=\"noreferrer noopener\">baisse des eaux de la Durance<\/a> soir\u00e9e Comptoir de Villaines<\/p>\n\n\n\n<p>soir\u00e9e vid\u00e9o sur la <a href=\"https:\/\/www.youtube.com\/watch?v=_SSkQcR6gIQ\" target=\"_blank\" rel=\"noreferrer noopener\">d\u00e9gradation du Colorado<\/a> soir\u00e9e Comptoir de Villaines<\/p>\n\n\n\n<p>soir\u00e9e vid\u00e9o sur l&#8217;<a href=\"https:\/\/www.youtube.com\/watch?v=S4KiM4z4Ku4\" target=\"_blank\" rel=\"noreferrer noopener\">entretien des rivi\u00e8re<\/a>s soir\u00e9e Comptoir de Villaines<\/p>\n","protected":false},"excerpt":{"rendered":"","protected":false},"author":1,"featured_media":619,"comment_status":"closed","ping_status":"open","sticky":false,"template":"","format":"standard","meta":{"footnotes":""},"categories":[6,15],"tags":[],"class_list":["post-564","post","type-post","status-publish","format-standard","has-post-thumbnail","hentry","category-ecologie","category-leau","comments-off"],"_links":{"self":[{"href":"https:\/\/parlonsdedemain.net\/index.php\/wp-json\/wp\/v2\/posts\/564","targetHints":{"allow":["GET"]}}],"collection":[{"href":"https:\/\/parlonsdedemain.net\/index.php\/wp-json\/wp\/v2\/posts"}],"about":[{"href":"https:\/\/parlonsdedemain.net\/index.php\/wp-json\/wp\/v2\/types\/post"}],"author":[{"embeddable":true,"href":"https:\/\/parlonsdedemain.net\/index.php\/wp-json\/wp\/v2\/users\/1"}],"replies":[{"embeddable":true,"href":"https:\/\/parlonsdedemain.net\/index.php\/wp-json\/wp\/v2\/comments?post=564"}],"version-history":[{"count":8,"href":"https:\/\/parlonsdedemain.net\/index.php\/wp-json\/wp\/v2\/posts\/564\/revisions"}],"predecessor-version":[{"id":775,"href":"https:\/\/parlonsdedemain.net\/index.php\/wp-json\/wp\/v2\/posts\/564\/revisions\/775"}],"wp:featuredmedia":[{"embeddable":true,"href":"https:\/\/parlonsdedemain.net\/index.php\/wp-json\/wp\/v2\/media\/619"}],"wp:attachment":[{"href":"https:\/\/parlonsdedemain.net\/index.php\/wp-json\/wp\/v2\/media?parent=564"}],"wp:term":[{"taxonomy":"category","embeddable":true,"href":"https:\/\/parlonsdedemain.net\/index.php\/wp-json\/wp\/v2\/categories?post=564"},{"taxonomy":"post_tag","embeddable":true,"href":"https:\/\/parlonsdedemain.net\/index.php\/wp-json\/wp\/v2\/tags?post=564"}],"curies":[{"name":"wp","href":"https:\/\/api.w.org\/{rel}","templated":true}]}}